{"id":109,"date":"2023-05-26T12:05:33","date_gmt":"2023-05-26T10:05:33","guid":{"rendered":"https:\/\/www.manosconestilo.net\/blog\/?p=109"},"modified":"2023-05-26T12:06:28","modified_gmt":"2023-05-26T10:06:28","slug":"opi-summer-make-the-rules","status":"publish","type":"post","link":"https:\/\/www.manosconestilo.net\/blog\/opi-summer-make-the-rules\/","title":{"rendered":"OPI Summer Make The Rules"},"content":{"rendered":"\n<p class=\"has-text-align-center\">La nueva colecci\u00f3n de OPI llega para lucir tus manos en los d\u00edas de verano.<\/p>\n\n\n\n<p><\/p>\n\n\n\n<figure class=\"wp-block-image size-large\"><a href=\"https:\/\/www.manosconestilo.net\/manosconestilo\/c209176\/esmaltes-permanentes-opi-gel-color.html\"><img loading=\"lazy\" decoding=\"async\" width=\"1024\" height=\"376\" src=\"https:\/\/www.manosconestilo.net\/blog\/wp-content\/uploads\/2023\/05\/summer-make-the-rules-opi-1024x376.jpg\" alt=\"\" class=\"wp-image-110\" srcset=\"https:\/\/www.manosconestilo.net\/blog\/wp-content\/uploads\/2023\/05\/summer-make-the-rules-opi-1024x376.jpg 1024w, https:\/\/www.manosconestilo.net\/blog\/wp-content\/uploads\/2023\/05\/summer-make-the-rules-opi-300x110.jpg 300w, https:\/\/www.manosconestilo.net\/blog\/wp-content\/uploads\/2023\/05\/summer-make-the-rules-opi-768x282.jpg 768w, https:\/\/www.manosconestilo.net\/blog\/wp-content\/uploads\/2023\/05\/summer-make-the-rules-opi-1536x565.jpg 1536w, https:\/\/www.manosconestilo.net\/blog\/wp-content\/uploads\/2023\/05\/summer-make-the-rules-opi.jpg 1700w\" sizes=\"auto, (max-width: 1024px) 100vw, 1024px\" \/><\/a><\/figure>\n\n\n\n<p><\/p>\n\n\n\n<p>S\u00e9 audaz. S\u00e9 positivo. S\u00e9 despreocupado. Colores brillantes y pasteles est\u00e1n listos para los d\u00edas de playa y las noches de fiesta. Desde tonos cremas hasta brillos y perlas, tenemos estados de \u00e1nimo mani para todos los lugares a los que te lleve este verano.<\/p>\n\n\n\n<p><\/p>\n\n\n\n<p>Hazte con ellos en nuestra web <a href=\"https:\/\/www.manosconestilo.net\/manosconestilo\/c209176\/esmaltes-permanentes-opi-gel-color.html\" target=\"_blank\" rel=\"noreferrer noopener\">www.manosconestilo.net<\/a>, rec\u00edbelo en tu centro en 24-48 horas, y como siempre al mejor precio.<\/p>\n","protected":false},"excerpt":{"rendered":"<p>La nueva colecci\u00f3n de OPI llega para lucir tus manos en los d\u00edas de verano. S\u00e9 audaz. S\u00e9 positivo. S\u00e9 despreocupado. Colores brillantes y pasteles est\u00e1n listos para los d\u00edas de playa y las noches de fiesta. Desde tonos cremas hasta brillos y perlas, tenemos estados de \u00e1nimo mani para todos los lugares a los [&hellip;]<\/p>\n","protected":false},"author":2,"featured_media":0,"comment_status":"closed","ping_status":"open","sticky":false,"template":"","format":"standard","meta":{"footnotes":""},"categories":[1],"tags":[25,23,8,9,26],"class_list":["post-109","post","type-post","status-publish","format-standard","hentry","category-sin-categoria","tag-coleccion-verano-opi","tag-esmalte-semi-permanente","tag-gelcolor","tag-opi","tag-summer-make-the-rules"],"_links":{"self":[{"href":"https:\/\/www.manosconestilo.net\/blog\/wp-json\/wp\/v2\/posts\/109","targetHints":{"allow":["GET"]}}],"collection":[{"href":"https:\/\/www.manosconestilo.net\/blog\/wp-json\/wp\/v2\/posts"}],"about":[{"href":"https:\/\/www.manosconestilo.net\/blog\/wp-json\/wp\/v2\/types\/post"}],"author":[{"embeddable":true,"href":"https:\/\/www.manosconestilo.net\/blog\/wp-json\/wp\/v2\/users\/2"}],"replies":[{"embeddable":true,"href":"https:\/\/www.manosconestilo.net\/blog\/wp-json\/wp\/v2\/comments?post=109"}],"version-history":[{"count":2,"href":"https:\/\/www.manosconestilo.net\/blog\/wp-json\/wp\/v2\/posts\/109\/revisions"}],"predecessor-version":[{"id":113,"href":"https:\/\/www.manosconestilo.net\/blog\/wp-json\/wp\/v2\/posts\/109\/revisions\/113"}],"wp:attachment":[{"href":"https:\/\/www.manosconestilo.net\/blog\/wp-json\/wp\/v2\/media?parent=109"}],"wp:term":[{"taxonomy":"category","embeddable":true,"href":"https:\/\/www.manosconestilo.net\/blog\/wp-json\/wp\/v2\/categories?post=109"},{"taxonomy":"post_tag","embeddable":true,"href":"https:\/\/www.manosconestilo.net\/blog\/wp-json\/wp\/v2\/tags?post=109"}],"curies":[{"name":"wp","href":"https:\/\/api.w.org\/{rel}","templated":true}]}}